{"id":2631,"date":"2014-11-10T13:02:02","date_gmt":"2014-11-10T13:02:02","guid":{"rendered":"https:\/\/agroterritori.org\/?p=2631"},"modified":"2014-11-10T13:08:02","modified_gmt":"2014-11-10T13:08:02","slug":"jornades-de-desenvolupament-territorial-1911-lleida","status":"publish","type":"post","link":"https:\/\/agroterritori.org\/?p=2631","title":{"rendered":"Jornades de Desenvolupament Territorial. 19\/11, Lleida"},"content":{"rendered":"<p style=\"text-align: left;\"><strong>Jornades de Desenvolupament Territorial. Universitat i territori en el desenvolupament regional.<\/strong><\/p>\n<p style=\"text-align: left;\" data-canvas-width=\"194.63999999999996\" data-angle=\"0\" data-font-name=\"g_font_4\">Les interaccions de les universitats amb els territoris cada cop s\u00f3n m\u00e9s amplies. El paper hist\u00f2ric de la universitat tancada que \u00fanicament impartia doc\u00e8ncia als seus alumnes ha donat pas a centres cada cop m\u00e9s implicats en el desenvolupament regional. La recerca, l\u2019impuls a la societat, la col\u00b7laboraci\u00f3 entre institucions del territori o la creaci\u00f3 d\u2019empreses s\u00f3n \u00e0rees en les quals les universitats cada cop tenen un paper m\u00e9s important. Les jornades es proposen analitzar aquest nou repte de les institucions d&#8217;educaci\u00f3 superior: la transfer\u00e8ncia del coneixement i la innovaci\u00f3 que generen cap al seu entorn social i econ\u00f2mic. En aquest sentit la jornada es planteja com assolir el que s\u2019ha anomenat la triple h\u00e8lix: aconseguir que administraci\u00f3, universitat i empresa multipliquin els vincles i la coordinaci\u00f3 per promocionar l&#8217;emprenedoria, la recerca i la interacci\u00f3 amb el m\u00f3n empresarial i amb el territori de qu\u00e8 forma part.<\/p>\n<p data-canvas-width=\"194.63999999999996\" data-angle=\"0\" data-font-name=\"g_font_4\">Es celebrar\u00e0 al <em>Sal\u00f3 Victor Siurana, Edifici Rectorat, Universitat de Lleida, pl. V\u00edctor Siurana, 1, Lleida<\/em>. La inscripci\u00f3 es gratu\u00efta. Es prega que notifiquin l&#8217;assist\u00e8ncia abans del dia 17 de novembre a: catedra.repsol@udl.cat<\/p>\n<p>Programa:<span style=\"color: #3366ff;\"> http:\/\/www.cdr.udl.cat\/fitxers\/programa-dia-19<\/span><\/p>\n","protected":false},"excerpt":{"rendered":"<p>Jornades de Desenvolupament Territorial. Universitat i territori en el desenvolupament regional. Les interaccions de les universitats amb els territoris cada cop s\u00f3n m\u00e9s amplies. El paper hist\u00f2ric de la universitat tancada que \u00fanicament impartia doc\u00e8ncia als seus alumnes ha donat pas a centres cada cop m\u00e9s implicats en el desenvolupament regional. La recerca, l\u2019impuls a [&hellip;]<\/p>\n","protected":false},"author":3,"featured_media":0,"comment_status":"closed","ping_status":"open","sticky":false,"template":"","format":"standard","meta":{"footnotes":""},"categories":[75],"tags":[],"class_list":["post-2631","post","type-post","status-publish","format-standard","hentry","category-calendari","odd"],"_links":{"self":[{"href":"https:\/\/agroterritori.org\/index.php?rest_route=\/wp\/v2\/posts\/2631","targetHints":{"allow":["GET"]}}],"collection":[{"href":"https:\/\/agroterritori.org\/index.php?rest_route=\/wp\/v2\/posts"}],"about":[{"href":"https:\/\/agroterritori.org\/index.php?rest_route=\/wp\/v2\/types\/post"}],"author":[{"embeddable":true,"href":"https:\/\/agroterritori.org\/index.php?rest_route=\/wp\/v2\/users\/3"}],"replies":[{"embeddable":true,"href":"https:\/\/agroterritori.org\/index.php?rest_route=%2Fwp%2Fv2%2Fcomments&post=2631"}],"version-history":[{"count":1,"href":"https:\/\/agroterritori.org\/index.php?rest_route=\/wp\/v2\/posts\/2631\/revisions"}],"predecessor-version":[{"id":2632,"href":"https:\/\/agroterritori.org\/index.php?rest_route=\/wp\/v2\/posts\/2631\/revisions\/2632"}],"wp:attachment":[{"href":"https:\/\/agroterritori.org\/index.php?rest_route=%2Fwp%2Fv2%2Fmedia&parent=2631"}],"wp:term":[{"taxonomy":"category","embeddable":true,"href":"https:\/\/agroterritori.org\/index.php?rest_route=%2Fwp%2Fv2%2Fcategories&post=2631"},{"taxonomy":"post_tag","embeddable":true,"href":"https:\/\/agroterritori.org\/index.php?rest_route=%2Fwp%2Fv2%2Ftags&post=2631"}],"curies":[{"name":"wp","href":"https:\/\/api.w.org\/{rel}","templated":true}]}}