{"id":2628,"date":"2014-11-10T12:43:50","date_gmt":"2014-11-10T12:43:50","guid":{"rendered":"https:\/\/agroterritori.org\/?p=2628"},"modified":"2014-11-10T12:43:50","modified_gmt":"2014-11-10T12:43:50","slug":"ii-forum-de-recerca-del-baix-ter-1511-torroella","status":"publish","type":"post","link":"https:\/\/agroterritori.org\/?p=2628","title":{"rendered":"II F\u00f2rum de Recerca del Baix Ter. 15\/11, Torroella"},"content":{"rendered":"<p style=\"text-align: left;\">El proper dissabte 15 de novembre tindr\u00e0 lloc a Pals el <strong>II F\u00f2rum de Recerca del Baix Ter<\/strong> organitzat pel Centre de Documentaci\u00f3 del Montgr\u00ed, les illes Medes i el Baix Ter ubicat al Museu de la Mediterr\u00e0nia i en aquesta edici\u00f3 amb la col\u00b7laboraci\u00f3 de l&#8217;Ajuntament de Pals i l&#8217;Associaci\u00f3 cultural de Pals.<\/p>\n<p style=\"text-align: left;\">Aquesta \u00e9s una jornada per difondre diferents recerques i treballs que s&#8217;han portat a terme al llarg d&#8217;aquest any referits al territori del Baix Ter. S&#8217;hi presentaran pon\u00e8ncies d&#8217;hist\u00f2ria, etnologia, mediambiental, geologia, climatologia&#8230; en total aquest 2014 es presentaran tretze treballs.<\/p>\n<p style=\"text-align: left;\">La intenci\u00f3 \u00e9s que aquestes jornades esdevinguin un punt de trobada dels diversos professionals que realitzen investigacions multidisciplinars vinculades amb el territori del Baix Ter. Una jornada que vol promoure el contacte entre aquests investigadors i fomentar aix\u00ed les recerques transversals en el territori.<\/p>\n<p style=\"text-align: left;\">La jornada comptar\u00e0 amb una confer\u00e8ncia inaugural de caire etnol\u00f2gic amb el t\u00edtol <em>A prop de l&#8217;arr\u00f2s. Retrat de la comunitat d&#8217;arrossaires del marge dret del Baix Ter<\/em> i tot seguit hi haur\u00e0 dotze comunicacions de 10 minuts, 6 relacionades amb les ci\u00e8ncies socials i 6 relacionades amb les ci\u00e8ncies naturals.<\/p>\n<p style=\"text-align: left;\">El repte per part del Centre de Documentaci\u00f3 \u00e9s de donar a con\u00e8ixer i obrir aquestes recerques especialitzades a tothom i esdevenir un altaveu per transmetre a la societat aquells treballs realitzats en el territori. En aquest sentit, el F\u00f2rum de Recerca \u00e9s una activitat p\u00fablica i oberta a totes les persones interessades en el coneixement del Baix Ter.<\/p>\n<p style=\"text-align: left;\">La jornada s&#8217;emmarca dins el programa Cultura Viva que t\u00e9 per objectiu donar a con\u00e8ixer directament a les comunitats que han estat objecte d&#8217;estudi els resultats de les recerques realitzades en el marc de l&#8217;Inventari del Patrimoni Etnol\u00f2gic.<\/p>\n<p style=\"text-align: center;\">&#8212;- &#8212;- &#8212;- &#8212;-<\/p>\n<p style=\"text-align: left;\">Aqu\u00ed trobareu tota la informaci\u00f3 relativa a la jornada i al Museu de la Mediterr\u00e0nia de Torroella de Montgr\u00ed: <span style=\"color: #3366ff;\">http:\/\/www.museudelamediterrania.cat\/museu-de-la-mediterrania\/1-noticies-museu\/571-ii-forum-de-recerca-del-baix-ter.html\u00a0 <\/span><\/p>\n<p style=\"text-align: left;\">El programa complet de la jornada \u00e9s<\/p>\n<p style=\"text-align: left;\">10:30 h <strong>Presentaci\u00f3 de la jornada<\/strong><br \/>\n10:40 h <strong>Confer\u00e8ncia inaugural<\/strong><\/p>\n<ul style=\"text-align: left;\">\n<li>Diana Juli\u00e0 i Laia Cardona. <em>A prop de l&#8217;arr\u00f2s. Retrat de la comunitat d&#8217;arrossaires del marge dret del Baix Ter.<\/em><\/li>\n<\/ul>\n<p style=\"text-align: left;\">11 h <strong>Primera sessi\u00f3 de comunicacions<\/strong><\/p>\n<ul style=\"text-align: left;\">\n<li>M\u00f2nica Borrell. <em>L&#8217;impacte econ\u00f2mic i mediambiental de les illes Medes<\/em>.<\/li>\n<li>Jana Font. <em>La tenora: la tenora fora de l&#8217;\u00e0mbit de la cobla<\/em>.<\/li>\n<li>Jordi Montaner. <em>El rellotge geol\u00f2gic i el paleopaisatge de l&#8217;Empord\u00e0<\/em>.<\/li>\n<\/ul>\n<p style=\"text-align: left;\">11:30 h <strong>Pausa &#8211; Caf\u00e8<\/strong><\/p>\n<p style=\"text-align: left;\">12 h <strong>Segona sessi\u00f3 de comunicacions<\/strong><\/p>\n<ul style=\"text-align: left;\">\n<li>Rosa M. Masana<em>. Soldats torroellencs morts a la guerra de Cuba: 1895-1898.<\/em><\/li>\n<li>Xavier Parellada<em>. Reflexions sobre el margall\u00f3 al Montgr\u00ed: aut\u00f2cton o introdu\u00eft?<\/em><\/li>\n<li>Sofia Borrego<em>. Hist\u00f2ria i patrimoni local a les escoles: la necessitat de la recerca.<\/em><\/li>\n<li>Andreu Porcar<em>. L&#8217;evoluci\u00f3 dels usos i cobertes del s\u00f2l (1957-2012) dels sistemes naturals del litoral del Baix Ter.<\/em><\/li>\n<li>Josep Llu\u00eds Barrasa<em>. Aquells mestres d&#8217;aquelles escoles del Baix Ter!<\/em><\/li>\n<li>Albert Burgas<em>. La import\u00e0ncia dels aiguamolls del Baix Ter per a la hivernada d&#8217;aus aqu\u00e0tiques.<\/em><\/li>\n<li>Marc Lemonche<em>. Torroella a Barcelona: les cadires de l&#8217;Exposici\u00f3 Universal.<\/em><\/li>\n<li>Sergi Corral<em>. 2012, l&#8217;any de les tramuntanes. Visi\u00f3 hist\u00f2rica d&#8217;una anyada excepcional.<\/em><\/li>\n<li>Josep M. Compte<em>. Els 7 secrets del retaule de l&#8217;ermita de Santa Caterina de Torroella de Montgr\u00ed.<\/em><\/li>\n<\/ul>\n<p style=\"text-align: center;\">&#8212;- &#8212;- &#8212;- &#8212;- &#8212;- &#8212;-<\/p>\n<p style=\"text-align: left;\">El Centre de Documentaci\u00f3 del Montgr\u00ed, les illes Medes i el Baix Ter \u00e9s el fruit d&#8217;un conveni entre Can Quintana Museu de la Mediterr\u00e0nia i l&#8217;\u00e0rea de Medi Ambient de la Diputaci\u00f3 de Girona. \u00c9s l&#8217;eina per a l&#8217;estudi, la recerca, la gesti\u00f3 del territori del Mass\u00eds del Montgr\u00ed, la plana del Baix Ter i les Illes Medes. Posa el seu accent en la difusi\u00f3 d&#8217;aquesta informaci\u00f3 a la societat. A part d&#8217;aquest eix territorial, el Centre de Documentaci\u00f3 t\u00e9 un altre eix que \u00e9s la m\u00fasica, concretament la sardana.<\/p>\n<p style=\"text-align: left;\"><span style=\"color: #ffffff;\">&#8212;<\/span><\/p>\n","protected":false},"excerpt":{"rendered":"<p>El proper dissabte 15 de novembre tindr\u00e0 lloc a Pals el II F\u00f2rum de Recerca del Baix Ter organitzat pel Centre de Documentaci\u00f3 del Montgr\u00ed, les illes Medes i el Baix Ter ubicat al Museu de la Mediterr\u00e0nia i en aquesta edici\u00f3 amb la col\u00b7laboraci\u00f3 de l&#8217;Ajuntament de Pals i l&#8217;Associaci\u00f3 cultural de Pals. Aquesta [&hellip;]<\/p>\n","protected":false},"author":3,"featured_media":0,"comment_status":"closed","ping_status":"open","sticky":false,"template":"","format":"standard","meta":{"footnotes":""},"categories":[75],"tags":[],"class_list":["post-2628","post","type-post","status-publish","format-standard","hentry","category-calendari","odd"],"_links":{"self":[{"href":"https:\/\/agroterritori.org\/index.php?rest_route=\/wp\/v2\/posts\/2628","targetHints":{"allow":["GET"]}}],"collection":[{"href":"https:\/\/agroterritori.org\/index.php?rest_route=\/wp\/v2\/posts"}],"about":[{"href":"https:\/\/agroterritori.org\/index.php?rest_route=\/wp\/v2\/types\/post"}],"author":[{"embeddable":true,"href":"https:\/\/agroterritori.org\/index.php?rest_route=\/wp\/v2\/users\/3"}],"replies":[{"embeddable":true,"href":"https:\/\/agroterritori.org\/index.php?rest_route=%2Fwp%2Fv2%2Fcomments&post=2628"}],"version-history":[{"count":1,"href":"https:\/\/agroterritori.org\/index.php?rest_route=\/wp\/v2\/posts\/2628\/revisions"}],"predecessor-version":[{"id":2629,"href":"https:\/\/agroterritori.org\/index.php?rest_route=\/wp\/v2\/posts\/2628\/revisions\/2629"}],"wp:attachment":[{"href":"https:\/\/agroterritori.org\/index.php?rest_route=%2Fwp%2Fv2%2Fmedia&parent=2628"}],"wp:term":[{"taxonomy":"category","embeddable":true,"href":"https:\/\/agroterritori.org\/index.php?rest_route=%2Fwp%2Fv2%2Fcategories&post=2628"},{"taxonomy":"post_tag","embeddable":true,"href":"https:\/\/agroterritori.org\/index.php?rest_route=%2Fwp%2Fv2%2Ftags&post=2628"}],"curies":[{"name":"wp","href":"https:\/\/api.w.org\/{rel}","templated":true}]}}